{"id":6550,"date":"2024-09-26T11:09:09","date_gmt":"2024-09-26T11:09:09","guid":{"rendered":"https:\/\/picosdeaventura.com\/?p=6550"},"modified":"2024-09-26T11:12:18","modified_gmt":"2024-09-26T11:12:18","slug":"o-ananas-dos-acores","status":"publish","type":"post","link":"https:\/\/picosdeaventura.com\/pt\/2024\/09\/26\/o-ananas-dos-acores\/","title":{"rendered":"O Anan\u00e1s dos A\u00e7ores: O Rei dos Frutos"},"content":{"rendered":"\n<p>O Anan\u00e1s dos <a href=\"https:\/\/picosdeaventura.com\/pt\/terra\/\">A\u00e7ores<\/a> \u00e9 um dos produtos regionais mais afamados de S\u00e3o Miguel. \u00c9 uma fruta \u00fanica que encanta paladares. Saiba mais sobre o \u201cRei dos Frutos\u201d.<\/p>\n\n\n\n<h2 class=\"wp-block-heading\"><strong>Hist\u00f3ria do Anan\u00e1s dos A\u00e7ores<\/strong><\/h2>\n\n\n\n<p>O anan\u00e1s chegou aos A\u00e7ores, mais propriamente \u00e0 maior ilha, S\u00e3o Miguel, no s\u00e9culo XIX. O fruto foi descoberto na \u00e9poca da coloniza\u00e7\u00e3o do Brasil e foi trazido para o arquip\u00e9lago com intuito de se tornar uma alternativa \u00e0 exporta\u00e7\u00e3o da laranja que nesta altura estava devastada por doen\u00e7a. Em 1864, foi constru\u00edda a primeira estufa de caracter\u00edsticas industriais, com capacidade para 800 plantas. Mais tarde por iniciativa de Jos\u00e9 Bensaude, come\u00e7aram as primeiras exporta\u00e7\u00f5es do anan\u00e1s para a Inglaterra. No in\u00edcio do s\u00e9culo XX, o fruto passou a ser exportado para pa\u00edses como a Alemanha e R\u00fassia. Contando com mais de 150 anos de hist\u00f3ria, o anan\u00e1s dos A\u00e7ores \u00e9 um fruto de Denomina\u00e7\u00e3o de Origem Protegida (DOP).<\/p>\n\n\n\n<figure class=\"wp-block-gallery has-nested-images columns-default is-cropped wp-block-gallery-1 is-layout-flex wp-block-gallery-is-layout-flex\">\n<figure class=\"wp-block-image size-large\"><img loading=\"lazy\" decoding=\"async\" width=\"1024\" height=\"576\" data-id=\"6567\" src=\"https:\/\/picosdeaventura.com\/wp-content\/uploads\/2024\/09\/blog-picos-de-aventura-ananas-dos-acores-2-1-1024x576.jpg\" alt=\"\" class=\"wp-image-6567\" title=\"\" srcset=\"https:\/\/picosdeaventura.com\/wp-content\/uploads\/2024\/09\/blog-picos-de-aventura-ananas-dos-acores-2-1-1024x576.jpg 1024w, https:\/\/picosdeaventura.com\/wp-content\/uploads\/2024\/09\/blog-picos-de-aventura-ananas-dos-acores-2-1-300x169.jpg 300w, https:\/\/picosdeaventura.com\/wp-content\/uploads\/2024\/09\/blog-picos-de-aventura-ananas-dos-acores-2-1-768x432.jpg 768w, https:\/\/picosdeaventura.com\/wp-content\/uploads\/2024\/09\/blog-picos-de-aventura-ananas-dos-acores-2-1-18x10.jpg 18w, https:\/\/picosdeaventura.com\/wp-content\/uploads\/2024\/09\/blog-picos-de-aventura-ananas-dos-acores-2-1-71x40.jpg 71w, https:\/\/picosdeaventura.com\/wp-content\/uploads\/2024\/09\/blog-picos-de-aventura-ananas-dos-acores-2-1-142x80.jpg 142w, https:\/\/picosdeaventura.com\/wp-content\/uploads\/2024\/09\/blog-picos-de-aventura-ananas-dos-acores-2-1-394x222.jpg 394w, https:\/\/picosdeaventura.com\/wp-content\/uploads\/2024\/09\/blog-picos-de-aventura-ananas-dos-acores-2-1-915x515.jpg 915w, https:\/\/picosdeaventura.com\/wp-content\/uploads\/2024\/09\/blog-picos-de-aventura-ananas-dos-acores-2-1.jpg 1200w\" sizes=\"auto, (max-width: 1024px) 100vw, 1024px\" \/><\/figure>\n\n\n\n<figure class=\"wp-block-image size-large\"><img loading=\"lazy\" decoding=\"async\" width=\"1024\" height=\"576\" data-id=\"6565\" src=\"https:\/\/picosdeaventura.com\/wp-content\/uploads\/2024\/09\/blog-picos-de-aventura-ananas-dos-acores-3-1-1024x576.jpg\" alt=\"\" class=\"wp-image-6565\" title=\"\" srcset=\"https:\/\/picosdeaventura.com\/wp-content\/uploads\/2024\/09\/blog-picos-de-aventura-ananas-dos-acores-3-1-1024x576.jpg 1024w, https:\/\/picosdeaventura.com\/wp-content\/uploads\/2024\/09\/blog-picos-de-aventura-ananas-dos-acores-3-1-300x169.jpg 300w, https:\/\/picosdeaventura.com\/wp-content\/uploads\/2024\/09\/blog-picos-de-aventura-ananas-dos-acores-3-1-768x432.jpg 768w, https:\/\/picosdeaventura.com\/wp-content\/uploads\/2024\/09\/blog-picos-de-aventura-ananas-dos-acores-3-1-18x10.jpg 18w, https:\/\/picosdeaventura.com\/wp-content\/uploads\/2024\/09\/blog-picos-de-aventura-ananas-dos-acores-3-1-71x40.jpg 71w, https:\/\/picosdeaventura.com\/wp-content\/uploads\/2024\/09\/blog-picos-de-aventura-ananas-dos-acores-3-1-142x80.jpg 142w, https:\/\/picosdeaventura.com\/wp-content\/uploads\/2024\/09\/blog-picos-de-aventura-ananas-dos-acores-3-1-394x222.jpg 394w, https:\/\/picosdeaventura.com\/wp-content\/uploads\/2024\/09\/blog-picos-de-aventura-ananas-dos-acores-3-1-915x515.jpg 915w, https:\/\/picosdeaventura.com\/wp-content\/uploads\/2024\/09\/blog-picos-de-aventura-ananas-dos-acores-3-1.jpg 1200w\" sizes=\"auto, (max-width: 1024px) 100vw, 1024px\" \/><\/figure>\n\n\n\n<figure class=\"wp-block-image size-large\"><img loading=\"lazy\" decoding=\"async\" width=\"1024\" height=\"576\" data-id=\"6566\" src=\"https:\/\/picosdeaventura.com\/wp-content\/uploads\/2024\/09\/blog-picos-de-aventura-ananas-dos-acores-1-1024x576.jpg\" alt=\"\" class=\"wp-image-6566\" title=\"\" srcset=\"https:\/\/picosdeaventura.com\/wp-content\/uploads\/2024\/09\/blog-picos-de-aventura-ananas-dos-acores-1-1024x576.jpg 1024w, https:\/\/picosdeaventura.com\/wp-content\/uploads\/2024\/09\/blog-picos-de-aventura-ananas-dos-acores-1-300x169.jpg 300w, https:\/\/picosdeaventura.com\/wp-content\/uploads\/2024\/09\/blog-picos-de-aventura-ananas-dos-acores-1-768x432.jpg 768w, https:\/\/picosdeaventura.com\/wp-content\/uploads\/2024\/09\/blog-picos-de-aventura-ananas-dos-acores-1-18x10.jpg 18w, https:\/\/picosdeaventura.com\/wp-content\/uploads\/2024\/09\/blog-picos-de-aventura-ananas-dos-acores-1-71x40.jpg 71w, https:\/\/picosdeaventura.com\/wp-content\/uploads\/2024\/09\/blog-picos-de-aventura-ananas-dos-acores-1-142x80.jpg 142w, https:\/\/picosdeaventura.com\/wp-content\/uploads\/2024\/09\/blog-picos-de-aventura-ananas-dos-acores-1-394x222.jpg 394w, https:\/\/picosdeaventura.com\/wp-content\/uploads\/2024\/09\/blog-picos-de-aventura-ananas-dos-acores-1-915x515.jpg 915w, https:\/\/picosdeaventura.com\/wp-content\/uploads\/2024\/09\/blog-picos-de-aventura-ananas-dos-acores-1.jpg 1200w\" sizes=\"auto, (max-width: 1024px) 100vw, 1024px\" \/><\/figure>\n<\/figure>\n\n\n\n<h2 class=\"wp-block-heading\"><strong>Cultivo e Caracter\u00edsticas<\/strong><\/h2>\n\n\n\n<p>O anan\u00e1s dos A\u00e7ores \u00e9 cultivado em estufas, o que permite um controle rigoroso das condi\u00e7\u00f5es de crescimento. As estufas s\u00e3o frequentemente aquecidas por uma combina\u00e7\u00e3o de sol e calor gerado pelo solo vulc\u00e2nico, criando um microclima perfeito. O fruto \u00e9 conhecido pela sua do\u00e7ura inigual\u00e1vel e sabor intenso, caracter\u00edsticas que o diferenciam de outras variedades. O anan\u00e1s dos A\u00e7ores tamb\u00e9m se destaca pela sua textura suculenta e aroma marcante, tornando-o um ingrediente perfeito para diversas receitas. Em S\u00e3o Miguel s\u00e3o produzidas entre 700 e 1000 toneladas de anan\u00e1s da variante \u201cSmooth Cayenne\u201d, origin\u00e1ria da Am\u00e9rica Central e do Sul.<\/p>\n\n\n\n<figure class=\"wp-block-gallery has-nested-images columns-default is-cropped wp-block-gallery-2 is-layout-flex wp-block-gallery-is-layout-flex\">\n<figure class=\"wp-block-image size-large\"><img loading=\"lazy\" decoding=\"async\" width=\"1024\" height=\"576\" data-id=\"6562\" src=\"https:\/\/picosdeaventura.com\/wp-content\/uploads\/2024\/09\/blog-picos-de-aventura-ananas-dos-acores-2-1024x576.jpg\" alt=\"\" class=\"wp-image-6562\" title=\"\" srcset=\"https:\/\/picosdeaventura.com\/wp-content\/uploads\/2024\/09\/blog-picos-de-aventura-ananas-dos-acores-2-1024x576.jpg 1024w, https:\/\/picosdeaventura.com\/wp-content\/uploads\/2024\/09\/blog-picos-de-aventura-ananas-dos-acores-2-300x169.jpg 300w, https:\/\/picosdeaventura.com\/wp-content\/uploads\/2024\/09\/blog-picos-de-aventura-ananas-dos-acores-2-768x432.jpg 768w, https:\/\/picosdeaventura.com\/wp-content\/uploads\/2024\/09\/blog-picos-de-aventura-ananas-dos-acores-2-18x10.jpg 18w, https:\/\/picosdeaventura.com\/wp-content\/uploads\/2024\/09\/blog-picos-de-aventura-ananas-dos-acores-2-71x40.jpg 71w, https:\/\/picosdeaventura.com\/wp-content\/uploads\/2024\/09\/blog-picos-de-aventura-ananas-dos-acores-2-142x80.jpg 142w, https:\/\/picosdeaventura.com\/wp-content\/uploads\/2024\/09\/blog-picos-de-aventura-ananas-dos-acores-2-394x222.jpg 394w, https:\/\/picosdeaventura.com\/wp-content\/uploads\/2024\/09\/blog-picos-de-aventura-ananas-dos-acores-2-915x515.jpg 915w, https:\/\/picosdeaventura.com\/wp-content\/uploads\/2024\/09\/blog-picos-de-aventura-ananas-dos-acores-2.jpg 1200w\" sizes=\"auto, (max-width: 1024px) 100vw, 1024px\" \/><\/figure>\n\n\n\n<figure class=\"wp-block-image size-large\"><img loading=\"lazy\" decoding=\"async\" width=\"1024\" height=\"576\" data-id=\"6561\" src=\"https:\/\/picosdeaventura.com\/wp-content\/uploads\/2024\/09\/blog-picos-de-aventura-ananas-dos-acores-3-1024x576.jpg\" alt=\"\" class=\"wp-image-6561\" title=\"\" srcset=\"https:\/\/picosdeaventura.com\/wp-content\/uploads\/2024\/09\/blog-picos-de-aventura-ananas-dos-acores-3-1024x576.jpg 1024w, https:\/\/picosdeaventura.com\/wp-content\/uploads\/2024\/09\/blog-picos-de-aventura-ananas-dos-acores-3-300x169.jpg 300w, https:\/\/picosdeaventura.com\/wp-content\/uploads\/2024\/09\/blog-picos-de-aventura-ananas-dos-acores-3-768x432.jpg 768w, https:\/\/picosdeaventura.com\/wp-content\/uploads\/2024\/09\/blog-picos-de-aventura-ananas-dos-acores-3-18x10.jpg 18w, https:\/\/picosdeaventura.com\/wp-content\/uploads\/2024\/09\/blog-picos-de-aventura-ananas-dos-acores-3-71x40.jpg 71w, https:\/\/picosdeaventura.com\/wp-content\/uploads\/2024\/09\/blog-picos-de-aventura-ananas-dos-acores-3-142x80.jpg 142w, https:\/\/picosdeaventura.com\/wp-content\/uploads\/2024\/09\/blog-picos-de-aventura-ananas-dos-acores-3-394x222.jpg 394w, https:\/\/picosdeaventura.com\/wp-content\/uploads\/2024\/09\/blog-picos-de-aventura-ananas-dos-acores-3-915x515.jpg 915w, https:\/\/picosdeaventura.com\/wp-content\/uploads\/2024\/09\/blog-picos-de-aventura-ananas-dos-acores-3.jpg 1200w\" sizes=\"auto, (max-width: 1024px) 100vw, 1024px\" \/><\/figure>\n\n\n\n<figure class=\"wp-block-image size-large\"><img loading=\"lazy\" decoding=\"async\" width=\"1024\" height=\"576\" data-id=\"6560\" src=\"https:\/\/picosdeaventura.com\/wp-content\/uploads\/2024\/09\/blog-picos-de-aventura-ananas-dos-acores-1024x576.jpg\" alt=\"\" class=\"wp-image-6560\" title=\"\" srcset=\"https:\/\/picosdeaventura.com\/wp-content\/uploads\/2024\/09\/blog-picos-de-aventura-ananas-dos-acores-1024x576.jpg 1024w, https:\/\/picosdeaventura.com\/wp-content\/uploads\/2024\/09\/blog-picos-de-aventura-ananas-dos-acores-300x169.jpg 300w, https:\/\/picosdeaventura.com\/wp-content\/uploads\/2024\/09\/blog-picos-de-aventura-ananas-dos-acores-768x432.jpg 768w, https:\/\/picosdeaventura.com\/wp-content\/uploads\/2024\/09\/blog-picos-de-aventura-ananas-dos-acores-18x10.jpg 18w, https:\/\/picosdeaventura.com\/wp-content\/uploads\/2024\/09\/blog-picos-de-aventura-ananas-dos-acores-71x40.jpg 71w, https:\/\/picosdeaventura.com\/wp-content\/uploads\/2024\/09\/blog-picos-de-aventura-ananas-dos-acores-142x80.jpg 142w, https:\/\/picosdeaventura.com\/wp-content\/uploads\/2024\/09\/blog-picos-de-aventura-ananas-dos-acores-394x222.jpg 394w, https:\/\/picosdeaventura.com\/wp-content\/uploads\/2024\/09\/blog-picos-de-aventura-ananas-dos-acores-915x515.jpg 915w, https:\/\/picosdeaventura.com\/wp-content\/uploads\/2024\/09\/blog-picos-de-aventura-ananas-dos-acores.jpg 1200w\" sizes=\"auto, (max-width: 1024px) 100vw, 1024px\" \/><\/figure>\n<\/figure>\n\n\n\n<h2 class=\"wp-block-heading\"><strong>Benef\u00edcios para a sa\u00fade<\/strong><\/h2>\n\n\n\n<p>Al\u00e9m de delicioso, o anan\u00e1s dos A\u00e7ores \u00e9 uma fonte rica de nutrientes. O fruto cont\u00e9m vitaminas C, A, B6 e minerais como mangan\u00eas e cobre, que s\u00e3o essenciais para a sa\u00fade. A bromelina, uma enzima encontrada no anan\u00e1s, possui propriedades anti-inflamat\u00f3rias e digestivas, ajudando na absor\u00e7\u00e3o de prote\u00ednas e na redu\u00e7\u00e3o de incha\u00e7os. Tamb\u00e9m auxilia na digest\u00e3o, fortalece o sistema imunol\u00f3gico e ainda \u00e9 um aliado na sa\u00fade da pele. As suas propriedades antioxidantes ajudam a combater os radicais livres, contribuindo para um envelhecimento saud\u00e1vel.<\/p>\n\n\n\n<h2 class=\"wp-block-heading\"><strong>O Anan\u00e1s dos A\u00e7ores e produtos regionais<\/strong><\/h2>\n\n\n\n<p>O Anan\u00e1s dos A\u00e7ores para al\u00e9m de ser consumido ao natural, tamb\u00e9m est\u00e1 presente noutras formas. Pode saborear esta iguaria em v\u00e1rios produtos regionais como licores e compotas.<\/p>\n\n\n\n<p>Reserve a sua experi\u00eancia nos A\u00e7ores connosco <a href=\"https:\/\/fareharbor.com\/embeds\/book\/picosdeaventura\/items\/?flow=195615&amp;language=pt&amp;full-items=yes\" rel=\"nofollow noopener\" target=\"_blank\">aqui<\/a>.<\/p>\n\n\n\n<figure class=\"wp-block-image size-large\"><img loading=\"lazy\" decoding=\"async\" width=\"1024\" height=\"576\" src=\"https:\/\/picosdeaventura.com\/wp-content\/uploads\/2024\/09\/blog-picos-de-aventura-ananas-dos-acores-1024x576.png\" alt=\"\" class=\"wp-image-6568\" title=\"\" srcset=\"https:\/\/picosdeaventura.com\/wp-content\/uploads\/2024\/09\/blog-picos-de-aventura-ananas-dos-acores-1024x576.png 1024w, https:\/\/picosdeaventura.com\/wp-content\/uploads\/2024\/09\/blog-picos-de-aventura-ananas-dos-acores-300x169.png 300w, https:\/\/picosdeaventura.com\/wp-content\/uploads\/2024\/09\/blog-picos-de-aventura-ananas-dos-acores-768x432.png 768w, https:\/\/picosdeaventura.com\/wp-content\/uploads\/2024\/09\/blog-picos-de-aventura-ananas-dos-acores-18x10.png 18w, https:\/\/picosdeaventura.com\/wp-content\/uploads\/2024\/09\/blog-picos-de-aventura-ananas-dos-acores-71x40.png 71w, https:\/\/picosdeaventura.com\/wp-content\/uploads\/2024\/09\/blog-picos-de-aventura-ananas-dos-acores-142x80.png 142w, https:\/\/picosdeaventura.com\/wp-content\/uploads\/2024\/09\/blog-picos-de-aventura-ananas-dos-acores-394x222.png 394w, https:\/\/picosdeaventura.com\/wp-content\/uploads\/2024\/09\/blog-picos-de-aventura-ananas-dos-acores-915x515.png 915w, https:\/\/picosdeaventura.com\/wp-content\/uploads\/2024\/09\/blog-picos-de-aventura-ananas-dos-acores.png 1200w\" sizes=\"auto, (max-width: 1024px) 100vw, 1024px\" \/><\/figure>\n","protected":false},"excerpt":{"rendered":"<p>O Anan\u00e1s dos A\u00e7ores \u00e9 um dos produtos regionais mais afamados de S\u00e3o Miguel. \u00c9 uma fruta \u00fanica que encanta paladares. Saiba mais sobre o \u201cRei dos Frutos\u201d. &hellip; <a href=\"https:\/\/picosdeaventura.com\/pt\/2024\/09\/26\/o-ananas-dos-acores\/\">Read More<\/a><\/p>\n","protected":false},"author":1,"featured_media":6571,"comment_status":"closed","ping_status":"closed","sticky":true,"template":"","format":"standard","meta":{"_monsterinsights_skip_tracking":false,"_monsterinsights_sitenote_active":false,"_monsterinsights_sitenote_note":"","_monsterinsights_sitenote_category":0,"footnotes":""},"categories":[27],"tags":[51,39,28],"class_list":["post-6550","post","type-post","status-publish","format-standard","has-post-thumbnail","hentry","category-blog-terra","tag-acores","tag-natureza","tag-terra"],"_links":{"self":[{"href":"https:\/\/picosdeaventura.com\/pt\/wp-json\/wp\/v2\/posts\/6550","targetHints":{"allow":["GET"]}}],"collection":[{"href":"https:\/\/picosdeaventura.com\/pt\/wp-json\/wp\/v2\/posts"}],"about":[{"href":"https:\/\/picosdeaventura.com\/pt\/wp-json\/wp\/v2\/types\/post"}],"author":[{"embeddable":true,"href":"https:\/\/picosdeaventura.com\/pt\/wp-json\/wp\/v2\/users\/1"}],"replies":[{"embeddable":true,"href":"https:\/\/picosdeaventura.com\/pt\/wp-json\/wp\/v2\/comments?post=6550"}],"version-history":[{"count":7,"href":"https:\/\/picosdeaventura.com\/pt\/wp-json\/wp\/v2\/posts\/6550\/revisions"}],"predecessor-version":[{"id":6569,"href":"https:\/\/picosdeaventura.com\/pt\/wp-json\/wp\/v2\/posts\/6550\/revisions\/6569"}],"wp:featuredmedia":[{"embeddable":true,"href":"https:\/\/picosdeaventura.com\/pt\/wp-json\/wp\/v2\/media\/6571"}],"wp:attachment":[{"href":"https:\/\/picosdeaventura.com\/pt\/wp-json\/wp\/v2\/media?parent=6550"}],"wp:term":[{"taxonomy":"category","embeddable":true,"href":"https:\/\/picosdeaventura.com\/pt\/wp-json\/wp\/v2\/categories?post=6550"},{"taxonomy":"post_tag","embeddable":true,"href":"https:\/\/picosdeaventura.com\/pt\/wp-json\/wp\/v2\/tags?post=6550"}],"curies":[{"name":"wp","href":"https:\/\/api.w.org\/{rel}","templated":true}]}}