{"id":1900,"date":"2019-05-25T12:02:00","date_gmt":"2019-05-25T12:02:00","guid":{"rendered":"http:\/\/demo.picosdeaventura.com\/?p=1900"},"modified":"2022-01-14T16:05:38","modified_gmt":"2022-01-14T16:05:38","slug":"baleias-de-barbas","status":"publish","type":"post","link":"https:\/\/picosdeaventura.com\/pt\/2019\/05\/25\/baleias-de-barbas\/","title":{"rendered":"O caso das Baleias de Barbas"},"content":{"rendered":"\t\t<div data-elementor-type=\"wp-post\" data-elementor-id=\"1900\" class=\"elementor elementor-1900\">\n\t\t\t\t\t\t<div class=\"elementor-inner\">\n\t\t\t\t<div class=\"elementor-section-wrap\">\n\t\t\t\t\t\t\t\t\t<section class=\"elementor-section elementor-top-section elementor-element elementor-element-18cbdddd elementor-section-boxed elementor-section-height-default elementor-section-height-default\" data-id=\"18cbdddd\" data-element_type=\"section\">\n\t\t\t\t\t\t<div class=\"elementor-container elementor-column-gap-default\">\n\t\t\t\t\t\t\t<div class=\"elementor-row\">\n\t\t\t\t\t<div class=\"elementor-column elementor-col-100 elementor-top-column elementor-element elementor-element-2eb6cec4\" data-id=\"2eb6cec4\" data-element_type=\"column\">\n\t\t\t<div class=\"elementor-column-wrap elementor-element-populated\">\n\t\t\t\t\t\t\t<div class=\"elementor-widget-wrap\">\n\t\t\t\t\t\t<div class=\"elementor-element elementor-element-4eec62db elementor-widget elementor-widget-text-editor\" data-id=\"4eec62db\" data-element_type=\"widget\" data-widget_type=\"text-editor.default\">\n\t\t\t\t<div class=\"elementor-widget-container\">\n\t\t\t\t\t\t\t\t<div class=\"elementor-text-editor elementor-clearfix\">\n\t\t\t\t<h3>Estamos na \u00e9poca das Baleias de barbas passarem pelos A\u00e7ores!\u00a0<\/h3>\n<p>Contudo ainda\u00a0 h\u00e1 v\u00e1rios detalhes que\u00a0 nos deixa intrigados no que diz respeito \u00e0 identifica\u00e7\u00e3o destes cet\u00e1ceos (baleias de barbas). Um destes detalhes intrigantes s\u00e3o as semelhan\u00e7as entre as Baleias Sardinheiras (<em>Balaenoptera borealis<\/em>) e as Baleias de Bryde (<em>Balaenoptera edeni<\/em>). Estas Baleias s\u00e3o parecidas tanto em tamanho como no formato do corpo, o que torna dif\u00edcil a sua identifica\u00e7\u00e3o quando as avistamos no mar, especialmente quando as condi\u00e7\u00f5es clim\u00e1ticas n\u00e3o s\u00e3o as melhores ou se n\u00e3o nos conseguirmos aproximar o suficiente. Esta semelhan\u00e7a \u00e9 tal que s\u00f3 no in\u00edcio dos anos 90 os baleeiros verificaram que estavam a ca\u00e7ar duas esp\u00e9cies diferentes.<\/p>\n<p>\u00a0<\/p>\n<p><strong>Biologia de ambas as esp\u00e9cies &#8211; Baleias Sardinheiras e Baleias de Bryde<\/strong><\/p>\n<p>As\u00a0Baleias Sardinheiras\u00a0podem atingir 18 m de comprimento e 45 t de peso. Podem viver at\u00e9 aos 70 anos e alimentam-se sobretudo de krill, pequenos peixes e lulas. A sua colora\u00e7\u00e3o varia entre o cinzento e o castanho-escuro, por vezes quase preto. Quando mergulham podem ficar entre 5 a 20 minutos debaixo de \u00e1gua e quando retornam \u00e0 superf\u00edcie o seu sopro tem a forma de uma nuvem estreita que pode chegar aos 3 m de altura. S\u00e3o as baleias mais r\u00e1pidas, atingindo os 60km\/h em deslocamento. Nos A\u00e7ores s\u00e3o geralmente avistadas em grupos de 2 a 6 indiv\u00edduos.<\/p>\n<figure class=\"wp-caption aligncenter\"><img loading=\"lazy\" decoding=\"async\" class=\"aligncenter\" src=\"https:\/\/cdn2.webdamdb.com\/1280_IDLa7jkQ6YnQ.png?1507836039\" alt=\"Baleia de barbas\" width=\"640\" height=\"427\" title=\"\">\n<p>\u00a0<\/p>\n<figcaption class=\"wp-caption-text\">Baleia Sardinheira. Fonte: NOAA Fisheries<\/figcaption>\n<\/figure>\n<p>As\u00a0Baleias de Bryde\u00a0podem medir at\u00e9 16 m de comprimento e pesar at\u00e9 40 t no m\u00e1ximo. Vivem at\u00e9 aos 65 anos aproximadamente, alimentando-se sobretudo de krill e pequenos peixes. Geralmente apresentam uma cor acinzentada mas podem existir varia\u00e7\u00f5es de cor, tamanho e estrutura das barbas entre popula\u00e7\u00f5es de diferentes localidades, o que ajuda a dificultar a sua identifica\u00e7\u00e3o. Passam a maior parte do tempo \u00e0 superf\u00edcie, mergulhando durante menos de 2 minutos, mas em mergulhos mais profundos, nos quais chegam a atingir os 300 m, podem ficar at\u00e9 20 minutos sem vir \u00e0 superf\u00edcie. O seu sopro \u00e9 alto e estreito, com 3 m a 4 m de altura.<\/p>\n<p>\u00a0<\/p>\n<figure class=\"wp-caption alignnone\"><img loading=\"lazy\" decoding=\"async\" class=\"alignnone\" src=\"https:\/\/cdn2.webdamdb.com\/1280_EaV05veFVLn1.jpg?1555942994\" alt=\"Baleias de barba\" width=\"1095\" height=\"730\" title=\"\">\n<p>\u00a0<\/p>\n<figcaption class=\"wp-caption-text\">Vista a\u00e9rea de uma Baleia de Bryde. Fonte: NOAA Fisheries.<\/figcaption>\n<\/figure>\n<p><strong>O que as distingue<\/strong><\/p>\n<p>A caracter\u00edstica que nos permite mais facilmente diferenciar estas duas esp\u00e9cies \u00e9 que a Baleia Sardinheira tem apenas uma crista que vai da ponta do cabe\u00e7a at\u00e9 ao espir\u00e1culo, enquanto que a Baleia de Bryde possui mais duas cristas laterais al\u00e9m dessa. Quando conseguimos ver a cabe\u00e7a das baleias podemos utilizar este crit\u00e9rio, mas quando as circunst\u00e2ncias n\u00e3o o permitem, a nossa miss\u00e3o dificulta-se.<\/p>\n<figure class=\"wp-caption alignnone\"><img loading=\"lazy\" decoding=\"async\" class=\"alignnone\" src=\"https:\/\/www.mmc.gov\/wp-content\/uploads\/BrydesWhale_J.Cotton_gallery.jpg\" alt=\"baleias de barba\" width=\"1600\" height=\"960\" title=\"\">\n<p>\u00a0<\/p>\n<figcaption class=\"wp-caption-text\">Baleia de Bryde \u00e0 superf\u00edcie. S\u00e3o not\u00f3rias as 3 cristas que distinguem esta esp\u00e9cie da Baleia Sardinheira. \u00a9 J. Cotton<\/figcaption>\n<\/figure>\n<p>Quando regressam \u00e0 superf\u00edcie depois do mergulho \u00e9 poss\u00edvel ver em ambas as esp\u00e9cies o sopro e a barbatana dorsal simultaneamente, mas uma peculiaridade da Baleia Sardinheira \u00e9 que n\u00e3o arqueia tanto o dorso como as outras baleias quando mergulha. Ambas possuem barbatana dorsal alta e falcada (com a ponta curvada para tr\u00e1s) mas a das Baleias Sardinheiras pode chegar a medir 55 cm enquanto a da Baleia de Bryde atinge no m\u00e1ximo 35 cm. Al\u00e9m disso a ponta da mand\u00edbula superior costuma ser bastante plana nas Baleias de Bryde, enquanto nas Baleias Sardinheiras tem tend\u00eancia a ser curvada para baixo.<\/p>\n<p>A altura do ano em que estas duas esp\u00e9cies s\u00e3o avistadas tamb\u00e9m pode facilitar a sua identifica\u00e7\u00e3o. Ou seja, as Baleias Sardinheiras s\u00e3o mais comuns de ver nos A\u00e7ores na Primavera, como o resto das baleias de barbas, devido \u00e0s suas migra\u00e7\u00f5es anuais. Por sua vez, as Baleias de Bryde n\u00e3o efectuam este tipo de migra\u00e7\u00f5es, permanecendo em latitudes mais baixas, de \u00e1guas quentes. Os indiv\u00edduos registados nas \u00e1guas a\u00e7orianas foram avistados apenas nos meses de Ver\u00e3o.<\/p>\n<p>Ambas as esp\u00e9cies sofreram um decl\u00ednio acentuado devido \u00e0 balea\u00e7\u00e3o, sendo que se estima que actualmente existam 80.000 Baleias Sardinheiras, cerca de 1\/3 da popula\u00e7\u00e3o que existia antes desta pr\u00e1tica. Esta esp\u00e9cie est\u00e1 classificada como \u201cEm perigo\u201d pela IUCN. O n\u00famero de Baleias de Bryde est\u00e1 estimado em cerca de 90.000 a 100.000 indiv\u00edduos. Portanto, quando avistamos uma destas esp\u00e9cies, independentemente de as conseguirmos diferenciar ou n\u00e3o, \u00e9 sempre uma enorme sorte e emo\u00e7\u00e3o!<\/p>\n<figure id=\"attachment_369\" class=\"wp-caption aligncenter\" data-shortcode=\"caption\" aria-describedby=\"caption-attachment-369\">\n<figcaption id=\"caption-attachment-369\" class=\"wp-caption-text\"><\/figcaption>\n<\/figure>\n<p><!-- wp:paragraph --><\/p>\n<p><!-- \/wp:paragraph --><\/p>\t\t\t\t\t<\/div>\n\t\t\t\t\t\t<\/div>\n\t\t\t\t<\/div>\n\t\t\t\t\t\t<\/div>\n\t\t\t\t\t<\/div>\n\t\t<\/div>\n\t\t\t\t\t\t\t\t<\/div>\n\t\t\t\t\t<\/div>\n\t\t<\/section>\n\t\t\t\t\t\t\t\t\t<\/div>\n\t\t\t<\/div>\n\t\t\t\t\t<\/div>\n\t\t","protected":false},"excerpt":{"rendered":"<p>Estamos na \u00e9poca das Baleias de barbas passarem pelos A\u00e7ores!&nbsp; Contudo ainda&nbsp; h\u00e1 v\u00e1rios detalhes que&nbsp; nos deixa intrigados no que diz respeito \u00e0 identifica\u00e7\u00e3o destes cet\u00e1ceos (baleias de barbas). Um destes detalhes intrigantes s\u00e3o as semelhan\u00e7as entre as Baleias &hellip; <a href=\"https:\/\/picosdeaventura.com\/pt\/2019\/05\/25\/baleias-de-barbas\/\">Read More<\/a><\/p>\n","protected":false},"author":1,"featured_media":1901,"comment_status":"open","ping_status":"open","sticky":false,"template":"","format":"standard","meta":{"_monsterinsights_skip_tracking":false,"_monsterinsights_sitenote_active":false,"_monsterinsights_sitenote_note":"","_monsterinsights_sitenote_category":0,"footnotes":""},"categories":[26],"tags":[25],"class_list":["post-1900","post","type-post","status-publish","format-standard","has-post-thumbnail","hentry","category-blog-mar","tag-mar"],"_links":{"self":[{"href":"https:\/\/picosdeaventura.com\/pt\/wp-json\/wp\/v2\/posts\/1900","targetHints":{"allow":["GET"]}}],"collection":[{"href":"https:\/\/picosdeaventura.com\/pt\/wp-json\/wp\/v2\/posts"}],"about":[{"href":"https:\/\/picosdeaventura.com\/pt\/wp-json\/wp\/v2\/types\/post"}],"author":[{"embeddable":true,"href":"https:\/\/picosdeaventura.com\/pt\/wp-json\/wp\/v2\/users\/1"}],"replies":[{"embeddable":true,"href":"https:\/\/picosdeaventura.com\/pt\/wp-json\/wp\/v2\/comments?post=1900"}],"version-history":[{"count":41,"href":"https:\/\/picosdeaventura.com\/pt\/wp-json\/wp\/v2\/posts\/1900\/revisions"}],"predecessor-version":[{"id":3844,"href":"https:\/\/picosdeaventura.com\/pt\/wp-json\/wp\/v2\/posts\/1900\/revisions\/3844"}],"wp:featuredmedia":[{"embeddable":true,"href":"https:\/\/picosdeaventura.com\/pt\/wp-json\/wp\/v2\/media\/1901"}],"wp:attachment":[{"href":"https:\/\/picosdeaventura.com\/pt\/wp-json\/wp\/v2\/media?parent=1900"}],"wp:term":[{"taxonomy":"category","embeddable":true,"href":"https:\/\/picosdeaventura.com\/pt\/wp-json\/wp\/v2\/categories?post=1900"},{"taxonomy":"post_tag","embeddable":true,"href":"https:\/\/picosdeaventura.com\/pt\/wp-json\/wp\/v2\/tags?post=1900"}],"curies":[{"name":"wp","href":"https:\/\/api.w.org\/{rel}","templated":true}]}}